{"id":145,"date":"2024-01-19T11:19:59","date_gmt":"2024-01-19T10:19:59","guid":{"rendered":"https:\/\/www.acef-du-sud.fr\/acef-midi\/?p=145"},"modified":"2024-01-19T11:26:54","modified_gmt":"2024-01-19T10:26:54","slug":"compte-tenu-de-reunion","status":"publish","type":"post","link":"https:\/\/www.acef-du-sud.fr\/acef-midi\/2024\/01\/19\/compte-tenu-de-reunion\/","title":{"rendered":"COMPTE TENU DE REUNION"},"content":{"rendered":"\n<p>Mode op\u00e9ratoire site WEB <\/p>\n\n\n\n<div data-wp-interactive=\"core\/file\" class=\"wp-block-file\"><object data-wp-bind--hidden=\"!state.hasPdfPreview\"  class=\"wp-block-file__embed\" data=\"https:\/\/www.acef-du-sud.fr\/acef-midi\/wp-content\/uploads\/sites\/3\/2024\/01\/Procedure-changement-DD-pour-sauvegarde-Avril-2023.pdf\" type=\"application\/pdf\" style=\"width:100%;height:600px\" aria-label=\"Contenu embarqu\u00e9 Procedure-changement-DD-pour-sauvegarde-Avril-2023.\"><\/object><a id=\"wp-block-file--media-fb5ad39e-117e-46ae-96b8-8237be1e065f\" href=\"https:\/\/www.acef-du-sud.fr\/acef-midi\/wp-content\/uploads\/sites\/3\/2024\/01\/Procedure-changement-DD-pour-sauvegarde-Avril-2023.pdf\">Procedure-changement-DD-pour-sauvegarde-Avril-2023<\/a><a href=\"https:\/\/www.acef-du-sud.fr\/acef-midi\/wp-content\/uploads\/sites\/3\/2024\/01\/Procedure-changement-DD-pour-sauvegarde-Avril-2023.pdf\" class=\"wp-block-file__button wp-element-button\" download aria-describedby=\"wp-block-file--media-fb5ad39e-117e-46ae-96b8-8237be1e065f\">T\u00e9l\u00e9charger<\/a><\/div>\n","protected":false},"excerpt":{"rendered":"<p>Mode op\u00e9ratoire site WEB<\/p>\n","protected":false},"author":24,"featured_media":0,"comment_status":"open","ping_status":"open","sticky":false,"template":"","format":"standard","meta":{"footnotes":""},"categories":[5],"tags":[],"yoast_head":"<!-- This site is optimized with the Yoast SEO plugin v22.5 - https:\/\/yoast.com\/wordpress\/plugins\/seo\/ -->\n<title>COMPTE TENU DE REUNION - ACEF MIDI<\/title>\n<meta name=\"robots\" content=\"index, follow, max-snippet:-1, max-image-preview:large, max-video-preview:-1\" \/>\n<link rel=\"canonical\" href=\"https:\/\/www.acef-du-sud.fr\/acef-midi\/2024\/01\/19\/compte-tenu-de-reunion\/\" \/>\n<meta property=\"og:locale\" content=\"fr_FR\" \/>\n<meta property=\"og:type\" content=\"article\" \/>\n<meta property=\"og:title\" content=\"COMPTE TENU DE REUNION - ACEF MIDI\" \/>\n<meta property=\"og:description\" content=\"Mode op\u00e9ratoire site WEB\" \/>\n<meta property=\"og:url\" content=\"https:\/\/www.acef-du-sud.fr\/acef-midi\/2024\/01\/19\/compte-tenu-de-reunion\/\" \/>\n<meta property=\"og:site_name\" content=\"ACEF MIDI\" \/>\n<meta property=\"article:published_time\" content=\"2024-01-19T10:19:59+00:00\" \/>\n<meta property=\"article:modified_time\" content=\"2024-01-19T10:26:54+00:00\" \/>\n<meta name=\"author\" content=\"Herv\u00e9 HUET\" \/>\n<meta name=\"twitter:card\" content=\"summary_large_image\" \/>\n<meta name=\"twitter:label1\" content=\"\u00c9crit par\" \/>\n\t<meta name=\"twitter:data1\" content=\"Herv\u00e9 HUET\" \/>\n\t<meta name=\"twitter:label2\" content=\"Dur\u00e9e de lecture estim\u00e9e\" \/>\n\t<meta name=\"twitter:data2\" content=\"1 minute\" \/>\n<script type=\"application\/ld+json\" class=\"yoast-schema-graph\">{\"@context\":\"https:\/\/schema.org\",\"@graph\":[{\"@type\":\"WebPage\",\"@id\":\"https:\/\/www.acef-du-sud.fr\/acef-midi\/2024\/01\/19\/compte-tenu-de-reunion\/\",\"url\":\"https:\/\/www.acef-du-sud.fr\/acef-midi\/2024\/01\/19\/compte-tenu-de-reunion\/\",\"name\":\"COMPTE TENU DE REUNION - ACEF MIDI\",\"isPartOf\":{\"@id\":\"https:\/\/www.acef-du-sud.fr\/acef-midi\/#website\"},\"datePublished\":\"2024-01-19T10:19:59+00:00\",\"dateModified\":\"2024-01-19T10:26:54+00:00\",\"author\":{\"@id\":\"https:\/\/www.acef-du-sud.fr\/acef-midi\/#\/schema\/person\/d8b9f70a47f15fe4230986f5701eaa27\"},\"breadcrumb\":{\"@id\":\"https:\/\/www.acef-du-sud.fr\/acef-midi\/2024\/01\/19\/compte-tenu-de-reunion\/#breadcrumb\"},\"inLanguage\":\"fr-FR\",\"potentialAction\":[{\"@type\":\"ReadAction\",\"target\":[\"https:\/\/www.acef-du-sud.fr\/acef-midi\/2024\/01\/19\/compte-tenu-de-reunion\/\"]}]},{\"@type\":\"BreadcrumbList\",\"@id\":\"https:\/\/www.acef-du-sud.fr\/acef-midi\/2024\/01\/19\/compte-tenu-de-reunion\/#breadcrumb\",\"itemListElement\":[{\"@type\":\"ListItem\",\"position\":1,\"name\":\"Accueil\",\"item\":\"https:\/\/www.acef-du-sud.fr\/acef-midi\/\"},{\"@type\":\"ListItem\",\"position\":2,\"name\":\"COMPTE TENU DE REUNION\"}]},{\"@type\":\"WebSite\",\"@id\":\"https:\/\/www.acef-du-sud.fr\/acef-midi\/#website\",\"url\":\"https:\/\/www.acef-du-sud.fr\/acef-midi\/\",\"name\":\"ACEF MIDI\",\"description\":\"\",\"potentialAction\":[{\"@type\":\"SearchAction\",\"target\":{\"@type\":\"EntryPoint\",\"urlTemplate\":\"https:\/\/www.acef-du-sud.fr\/acef-midi\/?s={search_term_string}\"},\"query-input\":\"required name=search_term_string\"}],\"inLanguage\":\"fr-FR\"},{\"@type\":\"Person\",\"@id\":\"https:\/\/www.acef-du-sud.fr\/acef-midi\/#\/schema\/person\/d8b9f70a47f15fe4230986f5701eaa27\",\"name\":\"Herv\u00e9 HUET\",\"image\":{\"@type\":\"ImageObject\",\"inLanguage\":\"fr-FR\",\"@id\":\"https:\/\/www.acef-du-sud.fr\/acef-midi\/#\/schema\/person\/image\/\",\"url\":\"https:\/\/secure.gravatar.com\/avatar\/bf62776694fb4ca277c9a53a19e5b3b0?s=96&d=mm&r=g\",\"contentUrl\":\"https:\/\/secure.gravatar.com\/avatar\/bf62776694fb4ca277c9a53a19e5b3b0?s=96&d=mm&r=g\",\"caption\":\"Herv\u00e9 HUET\"},\"url\":\"https:\/\/www.acef-du-sud.fr\/acef-midi\/author\/huet-herve\/\"}]}<\/script>\n<!-- \/ Yoast SEO plugin. -->","yoast_head_json":{"title":"COMPTE TENU DE REUNION - ACEF MIDI","robots":{"index":"index","follow":"follow","max-snippet":"max-snippet:-1","max-image-preview":"max-image-preview:large","max-video-preview":"max-video-preview:-1"},"canonical":"https:\/\/www.acef-du-sud.fr\/acef-midi\/2024\/01\/19\/compte-tenu-de-reunion\/","og_locale":"fr_FR","og_type":"article","og_title":"COMPTE TENU DE REUNION - ACEF MIDI","og_description":"Mode op\u00e9ratoire site WEB","og_url":"https:\/\/www.acef-du-sud.fr\/acef-midi\/2024\/01\/19\/compte-tenu-de-reunion\/","og_site_name":"ACEF MIDI","article_published_time":"2024-01-19T10:19:59+00:00","article_modified_time":"2024-01-19T10:26:54+00:00","author":"Herv\u00e9 HUET","twitter_card":"summary_large_image","twitter_misc":{"\u00c9crit par":"Herv\u00e9 HUET","Dur\u00e9e de lecture estim\u00e9e":"1 minute"},"schema":{"@context":"https:\/\/schema.org","@graph":[{"@type":"WebPage","@id":"https:\/\/www.acef-du-sud.fr\/acef-midi\/2024\/01\/19\/compte-tenu-de-reunion\/","url":"https:\/\/www.acef-du-sud.fr\/acef-midi\/2024\/01\/19\/compte-tenu-de-reunion\/","name":"COMPTE TENU DE REUNION - ACEF MIDI","isPartOf":{"@id":"https:\/\/www.acef-du-sud.fr\/acef-midi\/#website"},"datePublished":"2024-01-19T10:19:59+00:00","dateModified":"2024-01-19T10:26:54+00:00","author":{"@id":"https:\/\/www.acef-du-sud.fr\/acef-midi\/#\/schema\/person\/d8b9f70a47f15fe4230986f5701eaa27"},"breadcrumb":{"@id":"https:\/\/www.acef-du-sud.fr\/acef-midi\/2024\/01\/19\/compte-tenu-de-reunion\/#breadcrumb"},"inLanguage":"fr-FR","potentialAction":[{"@type":"ReadAction","target":["https:\/\/www.acef-du-sud.fr\/acef-midi\/2024\/01\/19\/compte-tenu-de-reunion\/"]}]},{"@type":"BreadcrumbList","@id":"https:\/\/www.acef-du-sud.fr\/acef-midi\/2024\/01\/19\/compte-tenu-de-reunion\/#breadcrumb","itemListElement":[{"@type":"ListItem","position":1,"name":"Accueil","item":"https:\/\/www.acef-du-sud.fr\/acef-midi\/"},{"@type":"ListItem","position":2,"name":"COMPTE TENU DE REUNION"}]},{"@type":"WebSite","@id":"https:\/\/www.acef-du-sud.fr\/acef-midi\/#website","url":"https:\/\/www.acef-du-sud.fr\/acef-midi\/","name":"ACEF MIDI","description":"","potentialAction":[{"@type":"SearchAction","target":{"@type":"EntryPoint","urlTemplate":"https:\/\/www.acef-du-sud.fr\/acef-midi\/?s={search_term_string}"},"query-input":"required name=search_term_string"}],"inLanguage":"fr-FR"},{"@type":"Person","@id":"https:\/\/www.acef-du-sud.fr\/acef-midi\/#\/schema\/person\/d8b9f70a47f15fe4230986f5701eaa27","name":"Herv\u00e9 HUET","image":{"@type":"ImageObject","inLanguage":"fr-FR","@id":"https:\/\/www.acef-du-sud.fr\/acef-midi\/#\/schema\/person\/image\/","url":"https:\/\/secure.gravatar.com\/avatar\/bf62776694fb4ca277c9a53a19e5b3b0?s=96&d=mm&r=g","contentUrl":"https:\/\/secure.gravatar.com\/avatar\/bf62776694fb4ca277c9a53a19e5b3b0?s=96&d=mm&r=g","caption":"Herv\u00e9 HUET"},"url":"https:\/\/www.acef-du-sud.fr\/acef-midi\/author\/huet-herve\/"}]}},"_links":{"self":[{"href":"https:\/\/www.acef-du-sud.fr\/acef-midi\/wp-json\/wp\/v2\/posts\/145"}],"collection":[{"href":"https:\/\/www.acef-du-sud.fr\/acef-midi\/wp-json\/wp\/v2\/posts"}],"about":[{"href":"https:\/\/www.acef-du-sud.fr\/acef-midi\/wp-json\/wp\/v2\/types\/post"}],"author":[{"embeddable":true,"href":"https:\/\/www.acef-du-sud.fr\/acef-midi\/wp-json\/wp\/v2\/users\/24"}],"replies":[{"embeddable":true,"href":"https:\/\/www.acef-du-sud.fr\/acef-midi\/wp-json\/wp\/v2\/comments?post=145"}],"version-history":[{"count":1,"href":"https:\/\/www.acef-du-sud.fr\/acef-midi\/wp-json\/wp\/v2\/posts\/145\/revisions"}],"predecessor-version":[{"id":147,"href":"https:\/\/www.acef-du-sud.fr\/acef-midi\/wp-json\/wp\/v2\/posts\/145\/revisions\/147"}],"wp:attachment":[{"href":"https:\/\/www.acef-du-sud.fr\/acef-midi\/wp-json\/wp\/v2\/media?parent=145"}],"wp:term":[{"taxonomy":"category","embeddable":true,"href":"https:\/\/www.acef-du-sud.fr\/acef-midi\/wp-json\/wp\/v2\/categories?post=145"},{"taxonomy":"post_tag","embeddable":true,"href":"https:\/\/www.acef-du-sud.fr\/acef-midi\/wp-json\/wp\/v2\/tags?post=145"}],"curies":[{"name":"wp","href":"https:\/\/api.w.org\/{rel}","templated":true}]}}